{"id":26227,"date":"2024-10-03T09:40:31","date_gmt":"2024-10-03T07:40:31","guid":{"rendered":"https:\/\/www.teresianum.net\/?p=26227"},"modified":"2025-01-15T09:26:12","modified_gmt":"2025-01-15T08:26:12","slug":"ocse04-la-oracion-cristiana","status":"publish","type":"post","link":"https:\/\/www.teresianum.net\/en\/ocse04-la-oracion-cristiana\/","title":{"rendered":"OCTE04. La oraci\u00f3n cristiana"},"content":{"rendered":"<p class=\"qtranxs-available-languages-message qtranxs-available-languages-message-en\"> <p><span style=\"font-family: 'times new roman', times, serif;\"><strong>Docente<\/strong>: <em>Mar\u00eda de las Mercedes Montalvo Garc\u00eda (SEMD)<\/em><\/span><\/p>\n<p style=\"text-align: justify;\"><span style=\"font-family: 'times new roman', times, serif;\"><strong>Justificaci\u00f3n<\/strong>: La oraci\u00f3n es el acto primordial del ser humano, ya que toca su n\u00facleo m\u00e1s profundo e involucra la persona en su totalidad. Desde el punto de vista antropol\u00f3gico, esta totalidad es posible solo como encuentro y donaci\u00f3n de dos libertades en el Amor. Desde este presupuesto relacional, ser\u00e1 abordada la esencia de la oraci\u00f3n cristiana como participaci\u00f3n en la misma oraci\u00f3n del Hijo.<\/span><\/p>\n<p style=\"text-align: justify;\"><span style=\"font-family: 'times new roman', times, serif;\"><strong>Objetivos<\/strong>: Ampliar el horizonte del significado de la oraci\u00f3n, m\u00e1s all\u00e1 de definiciones, m\u00e9todos o formas. (Re)descubrir la oraci\u00f3n como la cuesti\u00f3n humana central y un verdadero \u201claboratorio de la libertad\u201d humana. Reflexionar, desde la experiencia, sobre el fundamento y el fin de la oraci\u00f3n cristiana. Introducirnos en la pedagog\u00eda de la oraci\u00f3n, con \u201cacento\u201d en la oraci\u00f3n teresiana.<\/span><\/p>\n<p style=\"text-align: justify;\"><span style=\"font-family: 'times new roman', times, serif;\"><strong>Contenidos y distribuci\u00f3n del tiempo de trabajo: <\/strong>Partiendo de los desaf\u00edos que el mundo contempor\u00e1neo nos coloca frente a la oraci\u00f3n (1h.), pondremos la base teol\u00f3gico-antropol\u00f3gica que la sostiene como esencial al hombre (1h.). Para ello, se dar\u00e1 especial relevancia al estudio de la oraci\u00f3n de Jes\u00fas y del misterio constitutivo de su persona (3hs.). S\u00f3lo as\u00ed se aclarar\u00e1n tanto la especificidad de la oraci\u00f3n cristiana (4hr.) como su camino pedag\u00f3gico y el papel de la libertad humana (3h.).<\/span><\/p>\n<p style=\"text-align: justify;\"><span style=\"font-family: 'times new roman', times, serif;\"><strong>Metodolog\u00eda: <\/strong>Forma directa (<em>on line<\/em>), dando siempre la posibilidad de entrar en di\u00e1logo con el docente y entre los estudiantes. Adem\u00e1s, se proporcionar\u00e1 alg\u00fan v\u00eddeo previamente grabado y compartido a trav\u00e9s de la plataforma de la Facultad, como textos complementarios que ayuden a asimilar el contenido.<\/span><\/p>\n<p style=\"text-align: justify;\"><span style=\"font-family: 'times new roman', times, serif;\"><strong>Criterios de evaluaci\u00f3n: <\/strong>Examen oral; se meter\u00e1n en relaci\u00f3n los contenidos del curso con, al menos, un texto escogido para su lectura y asimilaci\u00f3n de tales contenidos.<\/span><\/p>\n<p><span style=\"font-family: 'times new roman', times, serif;\"><strong>Bibliograf\u00eda esencial:<\/strong><\/span><\/p>\n<ul>\n<li><span style=\"font-family: 'times new roman', times, serif;\">BENEDICTO\u00a0\u00a0\u00a0\u00a0\u00a0 XVI,\u00a0\u00a0\u00a0 Catequesis\u00a0\u00a0\u00a0\u00a0\u00a0\u00a0 sobre\u00a0\u00a0 la\u00a0\u00a0\u00a0\u00a0\u00a0\u00a0\u00a0\u00a0 oraci\u00f3n, [\u00faltima consulta:\u00a0\u00a0\u00a0\u00a0\u00a0\u00a0\u00a0\u00a0\u00a0 15.04.2021]&lt;http:\/\/www.archimadrid.es\/catequesis\/webantigua\/Catequesis_oracion_Benedicto.html&gt;. FRANCISCO,\u00a0\u00a0\u00a0 Catequesis\u00a0\u00a0\u00a0\u00a0\u00a0\u00a0\u00a0\u00a0\u00a0\u00a0\u00a0 sobre\u00a0\u00a0 la\u00a0\u00a0\u00a0\u00a0\u00a0\u00a0\u00a0\u00a0 oraci\u00f3n, [\u00faltima consulta:\u00a0\u00a0\u00a0\u00a0\u00a0\u00a0\u00a0\u00a0\u00a0 15.04.2021], &lt;https:\/\/www.collationes.org\/recurso\/475\/485\/catequesis-de-francisco-sobre-la-oracion&gt;.<\/span><\/li>\n<li><span style=\"font-family: 'times new roman', times, serif;\">CATECISMO DE LA IGLESIA CAT\u00d3LICA, IV\u00aa parte: \u00abLa oraci\u00f3n en la vida cristiana\u00bb. CONGREGACI\u00d3N PARA LA DOCTRINA DE LA FE, Carta a los Obispos de la Iglesia Cat\u00f3lica <em>Orationis formas<\/em>, (15.10.1989), [\u00faltima consulta: 15.04.2021], http:\/\/www.vatican.va\/roman_curia\/congregations\/cfaith\/documents\/rc_con_cfaith_doc_19891015_meditazion e-cristiana_sp.html.<\/span><\/li>\n<li><span style=\"font-family: 'times new roman', times, serif;\">CASTELLANO CERVERA, J., <em>Pedagog\u00eda de la oraci\u00f3n cristiana<\/em>, Barcelona 1996.<\/span><\/li>\n<li><span style=\"font-family: 'times new roman', times, serif;\">CATELA MARCOS, I., ed., <em>La oraci\u00f3n, fuerza que cambia el mundo<\/em>, Estudios y Ensayos. Fe y Raz\u00f3n 3, Madrid 2016.<\/span><\/li>\n<li><span style=\"font-family: 'times new roman', times, serif;\">GUERRA, A., <em>Oraci\u00f3n cristiana. Sociolog\u00eda, teolog\u00eda, pedagog\u00eda<\/em>, Espiritualidad, Madrid 2012<sup>2<\/sup>. RONDET, M., \u00abDio ha una volont\u00e0 particolare su ciascuno di noi? [trad. propia: \u00bfTiene Dios una voluntad particular sobre cada uno de nosotros? Solo el amor empalma las voluntades]\u00bb, [\u00faltima\u00a0\u00a0\u00a0\u00a0\u00a0\u00a0\u00a0 consulta:\u00a0\u00a0\u00a0\u00a0\u00a0\u00a0\u00a0\u00a0\u00a0 20.04.2021],\u00a0\u00a0\u00a0\u00a0 &lt;https:\/\/gesuiti.it\/dio-ha-una-volonta-particolare-su-ciascuno-di-noi-p-michel-rondet-sj\/&gt;.<\/span><\/li>\n<li><span style=\"font-family: 'times new roman', times, serif;\">TERESA DE JES\u00daS, <em>Libro de la Vida<\/em>, cc.11-22.<\/span><\/li>\n<\/ul>","protected":false},"excerpt":{"rendered":"<p>Docente: Mar\u00eda de las Mercedes Montalvo Garc\u00eda (SEMD) Justificaci\u00f3n: La oraci\u00f3n es el acto primordial del ser humano, ya que [&hellip;]<\/p>\n","protected":false},"author":1899,"featured_media":0,"comment_status":"closed","ping_status":"closed","sticky":false,"template":"","format":"standard","meta":{"footnotes":""},"categories":[1],"tags":[],"_links":{"self":[{"href":"https:\/\/www.teresianum.net\/en\/wp-json\/wp\/v2\/posts\/26227"}],"collection":[{"href":"https:\/\/www.teresianum.net\/en\/wp-json\/wp\/v2\/posts"}],"about":[{"href":"https:\/\/www.teresianum.net\/en\/wp-json\/wp\/v2\/types\/post"}],"author":[{"embeddable":true,"href":"https:\/\/www.teresianum.net\/en\/wp-json\/wp\/v2\/users\/1899"}],"replies":[{"embeddable":true,"href":"https:\/\/www.teresianum.net\/en\/wp-json\/wp\/v2\/comments?post=26227"}],"version-history":[{"count":2,"href":"https:\/\/www.teresianum.net\/en\/wp-json\/wp\/v2\/posts\/26227\/revisions"}],"predecessor-version":[{"id":26541,"href":"https:\/\/www.teresianum.net\/en\/wp-json\/wp\/v2\/posts\/26227\/revisions\/26541"}],"wp:attachment":[{"href":"https:\/\/www.teresianum.net\/en\/wp-json\/wp\/v2\/media?parent=26227"}],"wp:term":[{"taxonomy":"category","embeddable":true,"href":"https:\/\/www.teresianum.net\/en\/wp-json\/wp\/v2\/categories?post=26227"},{"taxonomy":"post_tag","embeddable":true,"href":"https:\/\/www.teresianum.net\/en\/wp-json\/wp\/v2\/tags?post=26227"}],"curies":[{"name":"wp","href":"https:\/\/api.w.org\/{rel}","templated":true}]}}