{"id":25978,"date":"2024-09-08T12:47:44","date_gmt":"2024-09-08T10:47:44","guid":{"rendered":"https:\/\/www.teresianum.net\/?p=25978"},"modified":"2024-10-09T16:15:32","modified_gmt":"2024-10-09T14:15:32","slug":"inaugurazione-dellanno-accademico-2024-2025","status":"publish","type":"post","link":"https:\/\/www.teresianum.net\/en\/inaugurazione-dellanno-accademico-2024-2025\/","title":{"rendered":"Inaugurazione dell&#8217;anno accademico 2024\/2025"},"content":{"rendered":"<p class=\"qtranxs-available-languages-message qtranxs-available-languages-message-en\"> <h1 style=\"text-align: left;\">Solennit\u00e0 di Santa Teresa di Ges\u00f9<\/h1>\n<h1 style=\"text-align: left;\">Marted\u00ec, 15 ottobre 2024<\/h1>\n<p style=\"text-align: center;\">\u00a0<\/p>\n<p>Partecipazione gratuita; iscrizione <a href=\"#form-iscrizione-inaugurazione\">tramite il form in basso a questa pagina<\/a> (per ricevere ulteriori informazioni prima della giornata).<br \/>\nLocandina della giornata di studio: <a title=\"Aprire la locandina dell'inaugurazione dell'anno accademico 2024-25.\" href=\"https:\/\/www.teresianum.net\/wp-content\/uploads\/2024\/09\/InaugurazioneA42024-25.pdf\" target=\"_blank\" rel=\"noopener\">cliccare qui<\/a>.<br \/>\nL\u2019evento ha luogo <strong>in sede<\/strong>. \u00c8 possibile iscriversi per ricevere accesso alle registrazioni in seguito all&#8217;evento <a href=\"#form-iscrizione-inaugurazione\">tramite questo form.<\/a><\/p>\n<p style=\"text-align: center;\"><strong>Programma<\/strong><\/p>\n<p style=\"text-align: center;\"><strong>Celebrazione Eucaristica<\/strong><\/p>\n<p style=\"text-align: center;\">ore 9.30<\/p>\n<p style=\"text-align: center;\">presieduta da <strong>P. Miguel M\u00e1rquez Calle, ocd<\/strong>,<\/p>\n<p style=\"text-align: center;\">Preposito Generale dell\u2019Ordine dei Carmelitani Scalzi<\/p>\n<p style=\"text-align: center;\">\u00a0<\/p>\n<p style=\"text-align: center;\"><strong>Atto Accademico<\/strong><\/p>\n<p style=\"text-align: center;\">ore 10.45<\/p>\n<p style=\"text-align: center;\">presso l\u2019Aula Magna<\/p>\n<p style=\"text-align: center;\">che si articoler\u00e0 in due momenti:<\/p>\n<p style=\"text-align: center;\">\u00a0<\/p>\n<p style=\"text-align: center;\"><strong>Relazione sull\u2019Anno Accademico 2023-2024<\/strong><\/p>\n<p style=\"text-align: center;\">Prof. Christof Betschart, ocd, Preside<\/p>\n<p style=\"text-align: center;\">\u00a0<\/p>\n<p style=\"text-align: center;\"><strong>Prolusione<\/strong><\/p>\n<p style=\"text-align: center;\">su \u00abSanta Teresa e il rischio della vita contemplativa\u00bb<\/p>\n<p style=\"text-align: center;\"><strong>Prof. Rowan Williams<\/strong><\/p>\n<p style=\"text-align: center;\">Arcivescovo emerito di Canterbury,<\/p>\n<p style=\"text-align: center;\">Dottore <em>honoris causa<\/em> della nostra Facolt\u00e0.<\/p>\n<p style=\"text-align: center;\">Prolusione offerta in lingua inglese con traduzione italiana.<\/p>\n<p style=\"text-align: center;\">\u00a0<\/p>\n<p style=\"text-align: center;\"><strong>Saluto del Preposito Generale<\/strong><\/p>\n<p style=\"text-align: center;\">\u00a0<\/p>\n<p style=\"text-align: center;\">Seguir\u00e0 un rinfresco nel chiostro del Teresianum.<\/p>\n<p>&nbsp;<\/p>\n<p>&nbsp;<\/p>\n<p>&nbsp;<\/p>\n<p><a name=\"form-iscrizione-inaugurazione\"><\/a><\/p>\n\n<div class=\"wpcf7 no-js\" id=\"wpcf7-f26077-o1\" lang=\"it-IT\" dir=\"ltr\">\n<div class=\"screen-reader-response\"><p role=\"status\" aria-live=\"polite\" aria-atomic=\"true\"><\/p> <ul><\/ul><\/div>\n<form action=\"\/en\/wp-json\/wp\/v2\/posts\/25978#wpcf7-f26077-o1\" method=\"post\" class=\"wpcf7-form init\" aria-label=\"Modulo di contatto\" novalidate=\"novalidate\" data-status=\"init\">\n<div style=\"display: none;\">\n<input type=\"hidden\" name=\"_wpcf7\" value=\"26077\" \/>\n<input type=\"hidden\" name=\"_wpcf7_version\" value=\"5.7.7\" \/>\n<input type=\"hidden\" name=\"_wpcf7_locale\" value=\"it_IT\" \/>\n<input type=\"hidden\" name=\"_wpcf7_unit_tag\" value=\"wpcf7-f26077-o1\" \/>\n<input type=\"hidden\" name=\"_wpcf7_container_post\" value=\"0\" \/>\n<input type=\"hidden\" name=\"_wpcf7_posted_data_hash\" value=\"\" \/>\n<input type=\"hidden\" name=\"_wpcf7_recaptcha_response\" value=\"\" \/>\n<\/div>\n<p>Iscrizione alla giornata di studio su Edith Stein\n<\/p>\n<p>Nome e cognome (richiesto)\n<\/p>\n<p><span class=\"wpcf7-form-control-wrap\" data-name=\"nome\"><input size=\"40\" class=\"wpcf7-form-control wpcf7-text wpcf7-validates-as-required\" aria-required=\"true\" aria-invalid=\"false\" value=\"\" type=\"text\" name=\"nome\" \/><\/span>\n<\/p>\n<p>Indirizzo email (richiesto)\n<\/p>\n<p><span class=\"wpcf7-form-control-wrap\" data-name=\"email\"><input size=\"40\" class=\"wpcf7-form-control wpcf7-text wpcf7-email wpcf7-validates-as-required wpcf7-validates-as-email\" aria-required=\"true\" aria-invalid=\"false\" value=\"\" type=\"email\" name=\"email\" \/><\/span>\n<\/p>\n<p>Indirizzo email verifica (richiesto)\n<\/p>\n<p><span class=\"wpcf7-form-control-wrap\" data-name=\"email\"><input size=\"40\" class=\"wpcf7-form-control wpcf7-text wpcf7-email wpcf7-validates-as-required wpcf7-validates-as-email\" aria-required=\"true\" aria-invalid=\"false\" value=\"\" type=\"email\" name=\"email\" \/><\/span>\n<\/p>\n<p>Situazione accademica (se si applica)\n<\/p>\n<p><span class=\"wpcf7-form-control-wrap\" data-name=\"situazioneacc\"><select class=\"wpcf7-form-control wpcf7-select\" aria-invalid=\"false\" name=\"situazioneacc\"><option value=\"Docente\">Docente<\/option><option value=\"Dottore\/Dottoressa\">Dottore\/Dottoressa<\/option><option value=\"Dottorando\/a\">Dottorando\/a<\/option><option value=\"Studente\/Studentessa (2o ciclo)\">Studente\/Studentessa (2o ciclo)<\/option><option value=\"Studente\/Studentessa (1o ciclo)\">Studente\/Studentessa (1o ciclo)<\/option><option value=\"Amico\/a della Facolt\u00e0\">Amico\/a della Facolt\u00e0<\/option><option value=\"Non si applica\">Non si applica<\/option><\/select><\/span>\n<\/p>\n<p>Funzione, ministero, appartenenza religiosa, ecc.\n<\/p>\n<p><span class=\"wpcf7-form-control-wrap\" data-name=\"situazionerel\"><input size=\"40\" class=\"wpcf7-form-control wpcf7-text\" aria-invalid=\"false\" value=\"\" type=\"text\" name=\"situazionerel\" \/><\/span>\n<\/p>\n<p>Iscrizione all'inaugurazione accademica 2024-25\n<\/p>\n<p><span class=\"wpcf7-form-control-wrap\" data-name=\"iscrizione\"><span class=\"wpcf7-form-control wpcf7-checkbox wpcf7-validates-as-required\"><span class=\"wpcf7-list-item first\"><input type=\"checkbox\" name=\"iscrizione[]\" value=\"Mattina in sede\" \/><span class=\"wpcf7-list-item-label\">Mattina in sede<\/span><\/span><span class=\"wpcf7-list-item\"><input type=\"checkbox\" name=\"iscrizione[]\" value=\"Solo la messa in sede\" \/><span class=\"wpcf7-list-item-label\">Solo la messa in sede<\/span><\/span><span class=\"wpcf7-list-item\"><input type=\"checkbox\" name=\"iscrizione[]\" value=\"Solo l&#039;atto accademico in sede\" \/><span class=\"wpcf7-list-item-label\">Solo l&#039;atto accademico in sede<\/span><\/span><span class=\"wpcf7-list-item last\"><input type=\"checkbox\" name=\"iscrizione[]\" value=\"Registrazioni in seguito all&#039;evento\" \/><span class=\"wpcf7-list-item-label\">Registrazioni in seguito all&#039;evento<\/span><\/span><\/span><\/span>\n<\/p>\n<p>Altre informazioni\n<\/p>\n<p><span class=\"wpcf7-form-control-wrap\" data-name=\"informazioni\"><textarea cols=\"40\" rows=\"10\" class=\"wpcf7-form-control wpcf7-textarea\" aria-invalid=\"false\" name=\"informazioni\"><\/textarea><\/span>\n<\/p>\n<p><input class=\"wpcf7-form-control has-spinner wpcf7-submit\" type=\"submit\" value=\"Invia\" \/>\n<\/p><p style=\"display: none !important;\" class=\"akismet-fields-container\" data-prefix=\"_wpcf7_ak_\"><label>&#916;<textarea name=\"_wpcf7_ak_hp_textarea\" cols=\"45\" rows=\"8\" maxlength=\"100\"><\/textarea><\/label><input type=\"hidden\" id=\"ak_js_1\" name=\"_wpcf7_ak_js\" value=\"109\"\/><script>document.getElementById( \"ak_js_1\" ).setAttribute( \"value\", ( new Date() ).getTime() );<\/script><\/p><input type='hidden' class='wpcf7-pum' value='{\"closepopup\":false,\"closedelay\":0,\"openpopup\":false,\"openpopup_id\":0}' \/><div class=\"wpcf7-response-output\" aria-hidden=\"true\"><\/div>\n<\/form>\n<\/div>","protected":false},"excerpt":{"rendered":"<p>Solennit\u00e0 di Santa Teresa di Ges\u00f9 Marted\u00ec, 15 ottobre 2024 \u00a0 Partecipazione gratuita; iscrizione tramite il form in basso a [&hellip;]<\/p>\n","protected":false},"author":1899,"featured_media":0,"comment_status":"closed","ping_status":"closed","sticky":false,"template":"","format":"standard","meta":{"footnotes":""},"categories":[1],"tags":[],"_links":{"self":[{"href":"https:\/\/www.teresianum.net\/en\/wp-json\/wp\/v2\/posts\/25978"}],"collection":[{"href":"https:\/\/www.teresianum.net\/en\/wp-json\/wp\/v2\/posts"}],"about":[{"href":"https:\/\/www.teresianum.net\/en\/wp-json\/wp\/v2\/types\/post"}],"author":[{"embeddable":true,"href":"https:\/\/www.teresianum.net\/en\/wp-json\/wp\/v2\/users\/1899"}],"replies":[{"embeddable":true,"href":"https:\/\/www.teresianum.net\/en\/wp-json\/wp\/v2\/comments?post=25978"}],"version-history":[{"count":4,"href":"https:\/\/www.teresianum.net\/en\/wp-json\/wp\/v2\/posts\/25978\/revisions"}],"predecessor-version":[{"id":26081,"href":"https:\/\/www.teresianum.net\/en\/wp-json\/wp\/v2\/posts\/25978\/revisions\/26081"}],"wp:attachment":[{"href":"https:\/\/www.teresianum.net\/en\/wp-json\/wp\/v2\/media?parent=25978"}],"wp:term":[{"taxonomy":"category","embeddable":true,"href":"https:\/\/www.teresianum.net\/en\/wp-json\/wp\/v2\/categories?post=25978"},{"taxonomy":"post_tag","embeddable":true,"href":"https:\/\/www.teresianum.net\/en\/wp-json\/wp\/v2\/tags?post=25978"}],"curies":[{"name":"wp","href":"https:\/\/api.w.org\/{rel}","templated":true}]}}